{"id":2824,"date":"2021-10-06T20:06:17","date_gmt":"2021-10-06T20:06:17","guid":{"rendered":"https:\/\/mikroturk.com\/site\/sedatbiga\/?p=2824"},"modified":"2021-10-06T21:46:15","modified_gmt":"2021-10-06T21:46:15","slug":"sombre-nedir-kimlere-sombre-yapilabilir","status":"publish","type":"post","link":"https:\/\/mikroturk.com\/site\/sedatbiga\/sombre-nedir-kimlere-sombre-yapilabilir\/","title":{"rendered":"Sombre Nedir? Kimlere Sombre Yap\u0131labilir?"},"content":{"rendered":"\n<h4 class=\"has-text-align-center\">Sombre Nedir?<\/h4>\n\n\n\n<p>Sombre, ombre uygulamas\u0131nda oldu\u011fu gibi sa\u00e7 diplerine be\u015f ile on be\u015f santim mesafede yap\u0131lan bir renklendirme tekni\u011fidir. Genel olarak tercih sebebi, do\u011fal tonlarda bir yans\u0131ma istenmesidir. Ombrede uygulanan geni\u015f renk ton aral\u0131\u011f\u0131n\u0131n aksine; sombre uygulamas\u0131nda, daha dar bir renk ton aral\u0131\u011f\u0131 kullan\u0131l\u0131r. Sombrede, ana sa\u00e7 renginden \u00fc\u00e7 ton ile alt\u0131 ton aras\u0131na kadar farkl\u0131 renklendirme yap\u0131l\u0131r.<\/p>\n\n\n\n<p><\/p>\n\n\n\n<h4 class=\"has-text-align-center\"><strong><strong><strong>Sombre Kimlere Yap\u0131l\u0131r?<\/strong><\/strong><\/strong><\/h4>\n\n\n\n<p>Sombre i\u015fleminin yans\u0131ma renkleri, genel olarak harmonik tonlarda (ana sa\u00e7 renginin \u00fc\u00e7 tona kadar a\u00e7\u0131\u011f\u0131 olan renkler) yap\u0131l\u0131r. Bu sebeple sar\u0131\u015f\u0131n olmak isteyenlere sombre yerine ombre uygulamas\u0131 tavsiye edilir. Sombre ilk defa renklendirme yapt\u0131rmak isteyenler i\u00e7in uygun bir \u00e7al\u0131\u015fmad\u0131r. Ayr\u0131ca boyal\u0131 sa\u00e7larda yap\u0131lan i\u015flemlerde do\u011fal yans\u0131malar tercih edenlere de tavsiye edilebilir. Bununla birlikte, sombre yo\u011fun sar\u0131\u015f\u0131n kad\u0131nlar\u0131n, sar\u0131\u015f\u0131n olmaktan s\u0131k\u0131ld\u0131klar\u0131nda s\u0131\u011f\u0131nabilecekleri k\u00fc\u00e7\u00fck bir bal\u0131k\u00e7\u0131 kasabas\u0131 gibidir. E\u011fer bir sar\u0131\u015f\u0131nsan\u0131z, uzun zaman orada durmak istemezsiniz ve sombreden s\u0131k\u0131ld\u0131\u011f\u0131n\u0131z zaman g\u00fczel an\u0131larla tekrar sar\u0131\u015f\u0131nl\u0131\u011fa d\u00f6nebilirsiniz.<\/p>\n\n\n\n<h4 class=\"has-text-align-center\"><strong><strong>Sombre \u0130\u015fleminde Nelere Dikkat Edilmelidir?<\/strong><\/strong><\/h4>\n\n\n\n<p>Ombre uygulamas\u0131nda dikkat edilmesi gereken konular, sombre uygulamas\u0131 i\u00e7in de ge\u00e7erlidir. Ombre ile ilgili yaz\u0131m\u0131za bu&nbsp;<strong><em><a rel=\"noreferrer noopener\" href=\"https:\/\/www.sedatbiga.com\/ombre\/\" target=\"_blank\">linkten<\/a><\/em><\/strong>&nbsp;ula\u015fabilirsiniz. Sombre i\u015flemi yo\u011fun sar\u0131\u015f\u0131nl\u0131k i\u00e7in tercih edilmez. Bir ba\u015fka ifadeyle; ana sa\u00e7 rengi, dar bir renk ton aral\u0131\u011f\u0131nda a\u00e7\u0131ld\u0131\u011f\u0131 i\u00e7in, sa\u00e7lara zarar verme potansiyeli di\u011fer sa\u00e7 rengi a\u00e7ma tekniklerine g\u00f6re daha d\u00fc\u015f\u00fckt\u00fcr. Ancak yine de \u2018harikulade yeteneksiz bir kuaf\u00f6re\u2019 denk geldiyseniz e\u011fer, bu da sizin kaderinizmi\u015f diyebiliriz. Konuya biraz m\u00fcstehzi yakla\u015fmam\u0131z\u0131n sebebi, hen\u00fcz \u201csombre yapt\u0131rd\u0131m, sa\u00e7lar\u0131m yand\u0131\u201d diyen biriyle kar\u015f\u0131la\u015fmamam\u0131zd\u0131r.<\/p>\n\n\n\n<p><\/p>\n\n\n\n<h4 class=\"has-text-align-center\"><strong>Sombrenin Pop\u00fclerli\u011fi<\/strong><\/h4>\n\n\n\n<p>Son d\u00f6nemde ombre uygulamalar\u0131yla birlikte, sombre uygulamas\u0131 da gen\u00e7 ya\u015ftaki kitle taraf\u0131ndan fazlaca tercih edilmektedir. Sombrenin pop\u00fcler sa\u00e7 renkleri klasman\u0131na girmesinde ve \u00e7ok\u00e7a tercih edilmesinde en b\u00fcy\u00fck paya sahip ki\u015filer, Sedat Biga gibi \u0130stanbul\u2019un \u00fcnl\u00fc kuaf\u00f6rleridir. Ayr\u0131ca, sombre, medyada pop\u00fcler olan ve \u015fartlar ne olursa olsun her kare foto\u011frafta haval\u0131 g\u00f6r\u00fcnmeye \u00e7al\u0131\u015fan gen\u00e7 influencer\u2019lar, deneyimli ablalar\u0131 instagrammer\u2019lar, onlar\u0131n blog yazar\u0131 olan teyzeleri ve \u00e7ok \u00fcnl\u00fc internet edit\u00f6rleri, hatta inanmayacaks\u0131n\u0131z ama moda edit\u00f6rlerinin de dikkatinden ka\u00e7mayan bir renklendirme tekni\u011fi oldu. Elbette bu durum, sombrenin yayg\u0131nla\u015fmas\u0131na b\u00fcy\u00fck katk\u0131 sa\u011flad\u0131.<\/p>\n\n\n\n<p>Son olarak, sombre renklendirme tekni\u011fi, uzun y\u0131llar hayat\u0131m\u0131zda olmaya devam edecek gibi g\u00f6r\u00fcn\u00fcyor. Hen\u00fcz yapt\u0131rmad\u0131ysan\u0131z keyifle kaleme ald\u0131\u011f\u0131m\u0131z bu yaz\u0131dan sonra deneyece\u011finize inan\u0131yoruz.<\/p>\n","protected":false},"excerpt":{"rendered":"<p>Sombre Nedir? Sombre, ombre uygulamas\u0131nda oldu\u011fu gibi sa\u00e7 diplerine be\u015f ile on be\u015f santim mesafede yap\u0131lan bir renklendirme tekni\u011fidir. Genel olarak tercih sebebi, do\u011fal tonlarda bir yans\u0131ma istenmesidir. Ombrede uygulanan geni\u015f renk ton aral\u0131\u011f\u0131n\u0131n aksine; sombre uygulamas\u0131nda, daha dar bir renk ton aral\u0131\u011f\u0131 kullan\u0131l\u0131r. Sombrede, ana sa\u00e7 renginden \u00fc\u00e7 ton ile alt\u0131 ton aras\u0131na kadar farkl\u0131 renklendirme yap\u0131l\u0131r. Sombre Kimlere Yap\u0131l\u0131r? Sombre i\u015fleminin yans\u0131ma renkleri, genel olarak harmonik tonlarda (ana sa\u00e7 renginin \u00fc\u00e7 tona kadar a\u00e7\u0131\u011f\u0131 olan renkler) yap\u0131l\u0131r. Bu sebeple sar\u0131\u015f\u0131n olmak isteyenlere sombre yerine ombre uygulamas\u0131 tavsiye edilir. Sombre ilk defa renklendirme yapt\u0131rmak isteyenler i\u00e7in uygun bir \u00e7al\u0131\u015fmad\u0131r. Ayr\u0131ca boyal\u0131 sa\u00e7larda yap\u0131lan i\u015flemlerde do\u011fal yans\u0131malar tercih edenlere de tavsiye edilebilir. Bununla birlikte, sombre yo\u011fun sar\u0131\u015f\u0131n kad\u0131nlar\u0131n, sar\u0131\u015f\u0131n olmaktan s\u0131k\u0131ld\u0131klar\u0131nda s\u0131\u011f\u0131nabilecekleri k\u00fc\u00e7\u00fck bir bal\u0131k\u00e7\u0131 kasabas\u0131 gibidir. E\u011fer bir sar\u0131\u015f\u0131nsan\u0131z, uzun zaman orada durmak istemezsiniz [&hellip;]<\/p>\n","protected":false},"author":1,"featured_media":2826,"comment_status":"closed","ping_status":"closed","sticky":false,"template":"","format":"standard","meta":[],"categories":[45],"tags":[],"_links":{"self":[{"href":"https:\/\/mikroturk.com\/site\/sedatbiga\/wp-json\/wp\/v2\/posts\/2824"}],"collection":[{"href":"https:\/\/mikroturk.com\/site\/sedatbiga\/wp-json\/wp\/v2\/posts"}],"about":[{"href":"https:\/\/mikroturk.com\/site\/sedatbiga\/wp-json\/wp\/v2\/types\/post"}],"author":[{"embeddable":true,"href":"https:\/\/mikroturk.com\/site\/sedatbiga\/wp-json\/wp\/v2\/users\/1"}],"replies":[{"embeddable":true,"href":"https:\/\/mikroturk.com\/site\/sedatbiga\/wp-json\/wp\/v2\/comments?post=2824"}],"version-history":[{"count":3,"href":"https:\/\/mikroturk.com\/site\/sedatbiga\/wp-json\/wp\/v2\/posts\/2824\/revisions"}],"predecessor-version":[{"id":2900,"href":"https:\/\/mikroturk.com\/site\/sedatbiga\/wp-json\/wp\/v2\/posts\/2824\/revisions\/2900"}],"wp:featuredmedia":[{"embeddable":true,"href":"https:\/\/mikroturk.com\/site\/sedatbiga\/wp-json\/wp\/v2\/media\/2826"}],"wp:attachment":[{"href":"https:\/\/mikroturk.com\/site\/sedatbiga\/wp-json\/wp\/v2\/media?parent=2824"}],"wp:term":[{"taxonomy":"category","embeddable":true,"href":"https:\/\/mikroturk.com\/site\/sedatbiga\/wp-json\/wp\/v2\/categories?post=2824"},{"taxonomy":"post_tag","embeddable":true,"href":"https:\/\/mikroturk.com\/site\/sedatbiga\/wp-json\/wp\/v2\/tags?post=2824"}],"curies":[{"name":"wp","href":"https:\/\/api.w.org\/{rel}","templated":true}]}}