{"id":1458,"date":"2020-09-22T14:26:47","date_gmt":"2020-09-22T14:26:47","guid":{"rendered":"http:\/\/mikroturk.com\/limakas\/?p=1458"},"modified":"2021-10-11T11:26:35","modified_gmt":"2021-10-11T11:26:35","slug":"ombre","status":"publish","type":"post","link":"https:\/\/mikroturk.com\/site\/sedatbiga\/ombre\/","title":{"rendered":"OMBRE"},"content":{"rendered":"\n<h4 class=\"has-text-align-center\"><strong><br>Ombre nedir?<\/strong><\/h4>\n\n\n\n<p>Ombre i\u015flemi son y\u0131llarda en \u00e7ok tercih edilen sa\u00e7 renklendirme i\u015flemlerinin ba\u015f\u0131nda gelir. Ombre kelimesi Frans\u0131zca k\u00f6kenli olup, g\u00f6lge anlam\u0131na gelmektedir. \u00c7o\u011funlukla sar\u0131\u015f\u0131n olmak i\u00e7in tercih edilen bu i\u015flem, en basit anlat\u0131m\u0131yla koyu renklerden a\u00e7\u0131k renklere do\u011fru sa\u00e7 diplerine 5 ile 15 santim mesafede yap\u0131lan renklendirme i\u015flemidir.<\/p>\n\n\n\n<p><\/p>\n\n\n\n<div class=\"wp-block-image\"><figure class=\"alignleft size-full is-resized\"><img loading=\"lazy\" src=\"https:\/\/mikroturk.com\/site\/sedatbiga\/wp-content\/uploads\/2021\/10\/924ba69d-c141-4b76-aaea-ebd6962985a0.jpg\" alt=\"\" class=\"wp-image-2929\" width=\"508\" height=\"914\" srcset=\"https:\/\/mikroturk.com\/site\/sedatbiga\/wp-content\/uploads\/2021\/10\/924ba69d-c141-4b76-aaea-ebd6962985a0.jpg 500w, https:\/\/mikroturk.com\/site\/sedatbiga\/wp-content\/uploads\/2021\/10\/924ba69d-c141-4b76-aaea-ebd6962985a0-167x300.jpg 167w\" sizes=\"(max-width: 508px) 100vw, 508px\" \/><\/figure><\/div>\n\n\n\n<h4 class=\"has-text-align-center\"><strong>Ombre Kimlere Yap\u0131l\u0131r?<\/strong><\/h4>\n\n\n\n<p>Ki\u015fiselle\u015ftirilebilme \u00f6zelli\u011finden dolay\u0131 ombre, son d\u00f6nemde olduk\u00e7a yayg\u0131n bir renklendirme i\u015flemi haline gelmi\u015ftir. Sa\u00e7 stiliyle kendini ifade etmek isteyen her ya\u015ftan kad\u0131na kolayl\u0131kla yap\u0131labilir.<\/p>\n\n\n\n<p>Kullan\u0131c\u0131n\u0131n ya\u015fam tarz\u0131na g\u00f6re \u00e7ok a\u00e7\u0131k renklerle yap\u0131labildi\u011fi gibi koyu renklerle de yap\u0131labilir. Rengin a\u00e7\u0131k veya koyu olmas\u0131 yap\u0131lan i\u015flemin ismini de\u011fi\u015ftirmez. Ombre i\u015flemi ismini, yap\u0131lan renklendirmenin yo\u011funlu\u011fundan al\u0131r. Boyal\u0131 sa\u00e7larda uygulama yap\u0131ld\u0131\u011f\u0131 gibi daha \u00f6nce hi\u00e7 boyanmam\u0131\u015f sa\u00e7larda da uygulama yap\u0131labilir.<\/p>\n\n\n\n<h4 class=\"has-text-align-center\"><strong>Ombre Nas\u0131l Olmal\u0131d\u0131r?<\/strong><\/h4>\n\n\n\n<p>Ayl\u0131k d\u00fczenli olarak dip boyas\u0131 yap\u0131lan sa\u00e7larda ombre i\u015flemi zorlay\u0131c\u0131 bir tekniktir. Dip boyas\u0131 yap\u0131lan sa\u00e7larda en yayg\u0131n olan \u015fik\u00e2yet, ana sa\u00e7 rengi \u00fczerinde olu\u015fan k\u0131z\u0131l veya turuncuya d\u00f6n\u00fck yans\u0131malard\u0131r. Bu tarz \u015fikayetlerin olmamas\u0131 i\u00e7in uygulama konusunda deneyimli olan uzmanlar bulmak \u00e7ok \u00f6nemlidir. Sa\u00e7lar\u0131n\u0131z\u0131n sa\u011fl\u0131\u011f\u0131 ve g\u00f6r\u00fcn\u00fcm\u00fc a\u00e7\u0131s\u0131ndan, ombre uygulamas\u0131n\u0131 kimin yapt\u0131\u011f\u0131 \u00e7ok \u00f6nemlidir.<\/p>\n\n\n\n<p><\/p>\n\n\n\n<p>Ombre uygulamas\u0131; kullan\u0131c\u0131n\u0131n tercihi do\u011frultusunda, ana sa\u00e7 renginden \u00fc\u00e7 ile on ton aras\u0131nda, bazen on iki ton daha a\u00e7\u0131k renklerle yap\u0131labilir. Yo\u011fun a\u00e7\u0131lm\u0131\u015f olan sa\u00e7larda gri, buz beyaz\u0131 ve platin gibi tonlar kullan\u0131labilir. Renk tercihi ne kadar a\u00e7\u0131k olursa sa\u00e7lar\u0131n zarar g\u00f6rme potansiyeli o kadar artacakt\u0131r.&nbsp;<strong><a href=\"https:\/\/www.sedatbiga.com\/mikro-sac-kaynak\/\">Mikro sa\u00e7 kaynak<\/a><\/strong>&nbsp;i\u015flemleri i\u00e7in Sedat Biga Hair Studio\u2019ya gelen misafirlerimizin \u00e7o\u011funlu\u011fu bu tercihlerde \u0131srar eden han\u0131mlar veya \u201cben yapar\u0131m bir \u015fey olmaz\u201d diyen \u2018en iyi kuaf\u00f6rler\u2019 in zarar verdi\u011fi sa\u00e7lar oluyor. Ombre sa\u00e7lar\u0131n yans\u0131ma tonlar\u0131, ki\u015fiye \u00f6zel tasarlanmal\u0131d\u0131r. A\u011fa\u00e7lar\u0131n aras\u0131ndan s\u00fcz\u00fclen \u0131\u015f\u0131klar\u0131 g\u00f6zlerinizin \u00f6n\u00fcne getirirseniz, ombre i\u015fleminin nas\u0131l olmas\u0131 gerekti\u011fini hissedebilirsiniz.<\/p>\n\n\n\n<h4 class=\"has-text-align-center\"><strong>Ombre \u0130\u015flemi Nerede Yapt\u0131r\u0131l\u0131r? Nelere Dikkat Edilmelidir?<\/strong><\/h4>\n\n\n\n<p>Ombre uygulamalar\u0131, sa\u00e7lar\u0131n sa\u011fl\u0131\u011f\u0131na en \u00e7ok zarar verme potansiyeli olan renklendirme i\u015flemlerinin ba\u015f\u0131nda gelir. Bu sebeple deneyimli olmayan ellerde yap\u0131lan ombre \u00e7al\u0131\u015fmalar\u0131, \u00e7ok ciddi sa\u00e7 sorunlar\u0131na sebep olabilir. \u201cNas\u0131l olsa Sedat Biga Hair Studio var, giderim, sa\u00e7lar\u0131m\u0131 mikro kaynak ile uzat\u0131r\u201d diye d\u00fc\u015f\u00fcnmeyin! Ombreden yanm\u0131\u015f sa\u00e7lar\u0131n eski sa\u011fl\u0131\u011f\u0131na kavu\u015fmalar\u0131 iki ile d\u00f6rt y\u0131l aras\u0131nda de\u011fi\u015fmektedir. \u201c<a href=\"https:\/\/www.youtube.com\/watch?v=WzHsDoV6-_M\">Ombre nerede yap\u0131l\u0131r?<\/a>\u201d sorusunun en do\u011fru cevab\u0131 \u201cdeneyimli ellerde\u201d olmal\u0131d\u0131r. Bu sebeple, ara\u015ft\u0131rma yap\u0131yorsan\u0131z, bu konuda uzmanl\u0131\u011f\u0131na g\u00fcvendi\u011finiz yere gitmeye dikkat etmenizi tavsiye ederiz. Renklendirme i\u015flemlerinin en iddial\u0131 servislerinden biri olan ombre, hatal\u0131 yap\u0131lmas\u0131 halinde d\u00fczeltilmesi ve sa\u00e7lar\u0131n eski haline d\u00f6nd\u00fcr\u00fclmesi \u00e7ok zor bir hizmettir.<\/p>\n\n\n\n<p>Ayr\u0131ca ombre uygulamas\u0131, kullan\u0131c\u0131 ile kuaf\u00f6r\u00fcn birbirini do\u011fru anlamalar\u0131 gereken \u00f6nemli bir renklendirme hizmetidir. Yanl\u0131\u015f kurulan ileti\u015fim, ombre uygulamalar\u0131nda yap\u0131lan hatal\u0131 i\u015flemlerin sebepleri aras\u0131nda b\u00fcy\u00fck \u00e7o\u011funlu\u011fu olu\u015fturur. Bu sebeple uygulamay\u0131 yapan kuaf\u00f6r\u00fcn ileti\u015fim yetene\u011fi y\u00fcksek olmal\u0131d\u0131r.<\/p>\n","protected":false},"excerpt":{"rendered":"<p>Ombre nedir? Ombre i\u015flemi son y\u0131llarda en \u00e7ok tercih edilen sa\u00e7 renklendirme i\u015flemlerinin ba\u015f\u0131nda gelir. Ombre kelimesi Frans\u0131zca k\u00f6kenli olup, g\u00f6lge anlam\u0131na gelmektedir. \u00c7o\u011funlukla sar\u0131\u015f\u0131n olmak i\u00e7in tercih edilen bu i\u015flem, en basit anlat\u0131m\u0131yla koyu renklerden a\u00e7\u0131k renklere do\u011fru sa\u00e7 diplerine 5 ile 15 santim mesafede yap\u0131lan renklendirme i\u015flemidir. Ombre Kimlere Yap\u0131l\u0131r? Ki\u015fiselle\u015ftirilebilme \u00f6zelli\u011finden dolay\u0131 ombre, son d\u00f6nemde olduk\u00e7a yayg\u0131n bir renklendirme i\u015flemi haline gelmi\u015ftir. Sa\u00e7 stiliyle kendini ifade etmek isteyen her ya\u015ftan kad\u0131na kolayl\u0131kla yap\u0131labilir. Kullan\u0131c\u0131n\u0131n ya\u015fam tarz\u0131na g\u00f6re \u00e7ok a\u00e7\u0131k renklerle yap\u0131labildi\u011fi gibi koyu renklerle de yap\u0131labilir. Rengin a\u00e7\u0131k veya koyu olmas\u0131 yap\u0131lan i\u015flemin ismini de\u011fi\u015ftirmez. Ombre i\u015flemi ismini, yap\u0131lan renklendirmenin yo\u011funlu\u011fundan al\u0131r. Boyal\u0131 sa\u00e7larda uygulama yap\u0131ld\u0131\u011f\u0131 gibi daha \u00f6nce hi\u00e7 boyanmam\u0131\u015f sa\u00e7larda da uygulama yap\u0131labilir. Ombre Nas\u0131l Olmal\u0131d\u0131r? Ayl\u0131k d\u00fczenli olarak dip boyas\u0131 yap\u0131lan sa\u00e7larda ombre i\u015flemi zorlay\u0131c\u0131 bir tekniktir. Dip boyas\u0131 [&hellip;]<\/p>\n","protected":false},"author":1,"featured_media":2929,"comment_status":"closed","ping_status":"closed","sticky":false,"template":"","format":"standard","meta":[],"categories":[46],"tags":[],"_links":{"self":[{"href":"https:\/\/mikroturk.com\/site\/sedatbiga\/wp-json\/wp\/v2\/posts\/1458"}],"collection":[{"href":"https:\/\/mikroturk.com\/site\/sedatbiga\/wp-json\/wp\/v2\/posts"}],"about":[{"href":"https:\/\/mikroturk.com\/site\/sedatbiga\/wp-json\/wp\/v2\/types\/post"}],"author":[{"embeddable":true,"href":"https:\/\/mikroturk.com\/site\/sedatbiga\/wp-json\/wp\/v2\/users\/1"}],"replies":[{"embeddable":true,"href":"https:\/\/mikroturk.com\/site\/sedatbiga\/wp-json\/wp\/v2\/comments?post=1458"}],"version-history":[{"count":15,"href":"https:\/\/mikroturk.com\/site\/sedatbiga\/wp-json\/wp\/v2\/posts\/1458\/revisions"}],"predecessor-version":[{"id":3027,"href":"https:\/\/mikroturk.com\/site\/sedatbiga\/wp-json\/wp\/v2\/posts\/1458\/revisions\/3027"}],"wp:featuredmedia":[{"embeddable":true,"href":"https:\/\/mikroturk.com\/site\/sedatbiga\/wp-json\/wp\/v2\/media\/2929"}],"wp:attachment":[{"href":"https:\/\/mikroturk.com\/site\/sedatbiga\/wp-json\/wp\/v2\/media?parent=1458"}],"wp:term":[{"taxonomy":"category","embeddable":true,"href":"https:\/\/mikroturk.com\/site\/sedatbiga\/wp-json\/wp\/v2\/categories?post=1458"},{"taxonomy":"post_tag","embeddable":true,"href":"https:\/\/mikroturk.com\/site\/sedatbiga\/wp-json\/wp\/v2\/tags?post=1458"}],"curies":[{"name":"wp","href":"https:\/\/api.w.org\/{rel}","templated":true}]}}