{"id":1441,"date":"2020-09-22T14:15:59","date_gmt":"2020-09-22T14:15:59","guid":{"rendered":"http:\/\/mikroturk.com\/limakas\/?p=1441"},"modified":"2021-10-15T20:45:58","modified_gmt":"2021-10-15T20:45:58","slug":"saclarda-renk-degisimi","status":"publish","type":"post","link":"https:\/\/mikroturk.com\/site\/sedatbiga\/saclarda-renk-degisimi\/","title":{"rendered":"Sa\u00e7larda Renk De\u011fi\u015fimi"},"content":{"rendered":"\n<p>Sa\u00e7lar\u0131nda bilin\u00e7li ve do\u011fru yap\u0131lm\u0131\u015f renk de\u011fi\u015fimi, ki\u015finin sosyal kimli\u011fini pozitif y\u00f6nde desteklerken, hayal k\u0131r\u0131kl\u0131\u011f\u0131yla biten hatal\u0131 yap\u0131lm\u0131\u015f bir renk de\u011fi\u015fimi psikolojik hasarlara sebep olabilir. Bu yaz\u0131m\u0131zda renk de\u011fi\u015fimine y\u00f6nelik bilgiler verirken, dikkat edilmesi gereken konular\u0131 ve olumsuz sonu\u00e7lanan renk de\u011fi\u015fimlerinin nas\u0131l ve neden ya\u015fand\u0131\u011f\u0131n\u0131 anlataca\u011f\u0131z.<\/p>\n\n\n\n<p><\/p>\n\n\n\n<h4 class=\"has-text-align-center\"><strong>Renk De\u011fi\u015fimi ve De\u011fi\u015ftirme \u0130ste\u011fi<\/strong><\/h4>\n\n\n\n<p>Renk de\u011fi\u015fim i\u015flemi, %90 gibi y\u00fcksek oranda sa\u00e7lar\u0131n zarar g\u00f6rmesi, elastikiyetinin artmas\u0131, (lastik gibi olmas\u0131) y\u0131pranmas\u0131, yanmas\u0131 ve kopmas\u0131 ile sonu\u00e7lanan ve bu kadar olumsuz sonu\u00e7lara ra\u011fmen asla vazge\u00e7ilemeyen a\u00e7ma i\u015flemi, r\u00f6fle, baleyaj, renk de\u011fi\u015fimi ya da ombre olarak \u00f6zetlenebilir.<\/p>\n\n\n\n<p>Renk de\u011fi\u015fim i\u015flemlerini kuaf\u00f6rler i\u00e7in vazge\u00e7ilmez yapan sebepleri \u015fu \u015fekilde s\u0131ralayabiliriz: M\u00fc\u015fterilerinin beklentileri, kendini mesleki anlamda a\u015fma \u00e7abas\u0131, en iyi kuaf\u00f6r olma tutkusu, yap\u0131lamayan\u0131 yapar\u0131m iddias\u0131 ve ka\u00e7\u0131n\u0131lmaz olarak i\u015flemlerin ekonomik hacminin y\u00fcksek olmas\u0131d\u0131r.<\/p>\n\n\n\n<p>Renk de\u011fi\u015fimini m\u00fc\u015fteriler i\u00e7in vazge\u00e7ilmez yapan ise de\u011fi\u015fim tutkusu, moda ak\u0131mlar\u0131, psikolojik nedenler olabilir. Psikolojik nedenler listesi sonsuza kadar uzat\u0131labilir.<\/p>\n\n\n\n<div class=\"wp-block-image\"><figure class=\"alignleft size-full\"><img loading=\"lazy\" width=\"401\" height=\"600\" src=\"https:\/\/mikroturk.com\/site\/sedatbiga\/wp-content\/uploads\/2021\/10\/female-hairdresser-proposes-colour-dying-hair-2.jpg\" alt=\"\" class=\"wp-image-2855\" srcset=\"https:\/\/mikroturk.com\/site\/sedatbiga\/wp-content\/uploads\/2021\/10\/female-hairdresser-proposes-colour-dying-hair-2.jpg 401w, https:\/\/mikroturk.com\/site\/sedatbiga\/wp-content\/uploads\/2021\/10\/female-hairdresser-proposes-colour-dying-hair-2-201x300.jpg 201w\" sizes=\"(max-width: 401px) 100vw, 401px\" \/><\/figure><\/div>\n\n\n\n<h5><strong><strong>Renk De\u011fi\u015fimi ve Sa\u00e7lar\u0131n Yap\u0131s\u0131<\/strong><\/strong><\/h5>\n\n\n\n<p>\u0130nsan sa\u00e7\u0131n\u0131n mukavemeti (dayan\u0131kl\u0131l\u0131\u011f\u0131) ortalama bir de\u011fere sahiptir. Kuaf\u00f6r\u00fcn kim oldu\u011funun, hangi \u00fcr\u00fcnlerle \u00e7al\u0131\u015ft\u0131\u011f\u0131n\u0131n, \u00fcr\u00fcnlerin i\u00e7inde hangi koruyucular\u0131n kullan\u0131ld\u0131\u011f\u0131n\u0131n hi\u00e7bir \u00f6nemi yoktur. Ki\u015finin sa\u00e7lar\u0131n\u0131n ince telli, kal\u0131n telli, a\u00e7\u0131k veya koyu renk sa\u00e7lara sahip olmas\u0131 sonucu de\u011fi\u015ftirmez.<\/p>\n\n\n\n<p>Yani benim sa\u00e7lar\u0131m kal\u0131n telli oldu\u011fu i\u00e7in daha dayan\u0131kl\u0131d\u0131r laf\u0131, bir iddiadan ibarettir ve ger\u00e7e\u011fi yans\u0131tmaz. Kal\u0131n telli sa\u00e7lar\u0131 olan kad\u0131nlar\u0131n sa\u00e7 tellerinin kimyasal i\u015flemlere kar\u015f\u0131 dayan\u0131kl\u0131 oldu\u011funu d\u00fc\u015f\u00fcnmeleri bu risklere daha a\u00e7\u0131k olmalar\u0131 anlam\u0131na gelir.&nbsp;<strong>Sedat Biga Hair Studio<\/strong>&nbsp;olarak biz, bu han\u0131mefendilere deneyimlerimize dayanarak bu konuda daha dikkatli olmalar\u0131n\u0131 tavsiye ediyoruz. Kuaf\u00f6rlerin de bu yan\u0131lg\u0131ya d\u00fc\u015fmemeleri gerekir. \u00c7\u00fcnk\u00fc renk de\u011fi\u015fimi, rengin a\u00e7\u0131lma derecesine g\u00f6re de\u011ferlendirilir. Ba\u015far\u0131l\u0131 bir \u00e7al\u0131\u015fman\u0131n anahtar\u0131ndan biri budur. Bunu kuaf\u00f6r\u00fcn biliyor olmas\u0131 gerekir. \u00c7\u00fcnk\u00fc \u00fcretici firmalar, sa\u00e7lara zarar vermeden o \u00fcr\u00fcnle nas\u0131l \u00e7al\u0131\u015f\u0131lmas\u0131 gerekti\u011fi konusunda workshop yaparak e\u011fitimler verir.<\/p>\n\n\n\n<p><\/p>\n\n\n\n<p><\/p>\n\n\n\n<h4 class=\"has-text-align-center\"><strong>Renk A\u00e7ma \u0130\u015flemlerinde, Sa\u00e7lar Neden Yanar?<\/strong><\/h4>\n\n\n\n<p>Buradaki problemleri iki ayr\u0131 ba\u015fl\u0131kta toplamak do\u011fru olacakt\u0131r. M\u00fc\u015fteri ve kuaf\u00f6r. \u0130\u015flem \u00f6ncesi yap\u0131lacak rengin tespiti i\u00e7in kuaf\u00f6r ve m\u00fc\u015fterisi aras\u0131nda yap\u0131lan konu\u015fmalar, muhte\u015fem bir \u00e7al\u0131\u015fma olaca\u011f\u0131 konusunda, genellikle ayn\u0131 fikirde olmakla biter. Asl\u0131nda her iki tarafta da gizli bir fark\u0131ndal\u0131k vard\u0131r. Kuaf\u00f6r de m\u00fc\u015fteri de yapt\u0131klar\u0131 de\u011fi\u015fimin, sa\u00e7lar\u0131n sa\u011fl\u0131\u011f\u0131 a\u00e7\u0131s\u0131ndan olas\u0131 riskler bar\u0131nd\u0131rd\u0131\u011f\u0131n \u00e7o\u011funlukla biliyorlar. Fakat ne kuaf\u00f6r sa\u00e7 yakmay\u0131 kariyerine yak\u0131\u015ft\u0131r\u0131yor. Ne de m\u00fc\u015fteri bunun kendi ba\u015f\u0131na gelebilece\u011fini d\u00fc\u015f\u00fcnmek istemiyor.<\/p>\n\n\n\n<p>\u0130nsan sa\u00e7\u0131n\u0131n a\u00e7ma i\u015flemlerine dayan\u0131kl\u0131l\u0131\u011f\u0131 \u00fc\u00e7 veya d\u00f6rt tondur. Sa\u00e7lar\u0131n do\u011fas\u0131 bize, \u201cde\u011fi\u015fim istiyorsan kendi do\u011fandan \u00e7ok uzakla\u015fma, yoksa bunun bedelini a\u011f\u0131r \u00f6dersin\u201d der. Ana renkler katalo\u011funda 1\u2019den 10\u2019a kadar de\u011ferler vard\u0131r. D\u00fcnyadaki b\u00fct\u00fcn renk \u00fcreticileri bu de\u011ferler \u00fczerinde \u00e7al\u0131\u015f\u0131rlar ve renk de\u011ferleri bu \u015fekilde haz\u0131rlan\u0131r.<\/p>\n\n\n\n<p>E\u011fer sa\u00e7lar\u0131n 1 numara ise senin i\u00e7in ideal olan a\u00e7\u0131lma derecesi 4 numarad\u0131r. 6 ton a\u00e7\u0131lmas\u0131n\u0131 istersen, sa\u00e7\u0131n\u0131n elastikiyeti artar, 8 ton a\u00e7\u0131lmas\u0131n\u0131 istersen sa\u00e7lar\u0131n lastik gibi uzar ve yar\u0131s\u0131ndan itibaren kopmaya ba\u015flar, 10 ton a\u00e7\u0131lmas\u0131n\u0131 istersen sa\u00e7lar\u0131n lastik gibi uzamadan dokundu\u011fun her yerden kopar. Kullan\u0131lan \u00fcr\u00fcn ne olursa olsun, i\u015flemi yapan kuaf\u00f6r kim olursa olsun, a\u00e7\u0131c\u0131n\u0131n i\u00e7inde hangi koruyucuyu kullan\u0131l\u0131rsa kullan\u0131ls\u0131n sonu\u00e7 de\u011fi\u015fmeyecektir.<\/p>\n\n\n\n<p><\/p>\n\n\n\n<p><strong>Unutma!<\/strong><\/p>\n\n\n\n<p><em>Sa\u00e7lar\u0131n\u0131n sa\u011fl\u0131\u011f\u0131n\u0131, sa\u00e7\u0131ndaki renk ile istedi\u011fin renk aras\u0131ndaki ton fark\u0131 belirler.<\/em><\/p>\n\n\n\n<div class=\"wp-block-columns\"><\/div>\n\n\n\n<div class=\"wp-block-group\"><div class=\"wp-block-group__inner-container\">\n<p><\/p>\n\n\n\n<p><\/p>\n<\/div><\/div>\n\n\n\n<div style=\"height:28px\" aria-hidden=\"true\" class=\"wp-block-spacer\"><\/div>\n\n\n\n<p><\/p>\n","protected":false},"excerpt":{"rendered":"<p>Sa\u00e7lar\u0131nda bilin\u00e7li ve do\u011fru yap\u0131lm\u0131\u015f renk de\u011fi\u015fimi, ki\u015finin sosyal kimli\u011fini pozitif y\u00f6nde desteklerken, hayal k\u0131r\u0131kl\u0131\u011f\u0131yla biten hatal\u0131 yap\u0131lm\u0131\u015f bir renk de\u011fi\u015fimi psikolojik hasarlara sebep olabilir. Bu yaz\u0131m\u0131zda renk de\u011fi\u015fimine y\u00f6nelik bilgiler verirken, dikkat edilmesi gereken konular\u0131 ve olumsuz sonu\u00e7lanan renk de\u011fi\u015fimlerinin nas\u0131l ve neden ya\u015fand\u0131\u011f\u0131n\u0131 anlataca\u011f\u0131z. Renk De\u011fi\u015fimi ve De\u011fi\u015ftirme \u0130ste\u011fi Renk de\u011fi\u015fim i\u015flemi, %90 gibi y\u00fcksek oranda sa\u00e7lar\u0131n zarar g\u00f6rmesi, elastikiyetinin artmas\u0131, (lastik gibi olmas\u0131) y\u0131pranmas\u0131, yanmas\u0131 ve kopmas\u0131 ile sonu\u00e7lanan ve bu kadar olumsuz sonu\u00e7lara ra\u011fmen asla vazge\u00e7ilemeyen a\u00e7ma i\u015flemi, r\u00f6fle, baleyaj, renk de\u011fi\u015fimi ya da ombre olarak \u00f6zetlenebilir. Renk de\u011fi\u015fim i\u015flemlerini kuaf\u00f6rler i\u00e7in vazge\u00e7ilmez yapan sebepleri \u015fu \u015fekilde s\u0131ralayabiliriz: M\u00fc\u015fterilerinin beklentileri, kendini mesleki anlamda a\u015fma \u00e7abas\u0131, en iyi kuaf\u00f6r olma tutkusu, yap\u0131lamayan\u0131 yapar\u0131m iddias\u0131 ve ka\u00e7\u0131n\u0131lmaz olarak i\u015flemlerin ekonomik hacminin y\u00fcksek olmas\u0131d\u0131r. Renk de\u011fi\u015fimini m\u00fc\u015fteriler i\u00e7in vazge\u00e7ilmez yapan ise de\u011fi\u015fim tutkusu, moda [&hellip;]<\/p>\n","protected":false},"author":1,"featured_media":2831,"comment_status":"closed","ping_status":"closed","sticky":false,"template":"","format":"standard","meta":[],"categories":[45],"tags":[],"_links":{"self":[{"href":"https:\/\/mikroturk.com\/site\/sedatbiga\/wp-json\/wp\/v2\/posts\/1441"}],"collection":[{"href":"https:\/\/mikroturk.com\/site\/sedatbiga\/wp-json\/wp\/v2\/posts"}],"about":[{"href":"https:\/\/mikroturk.com\/site\/sedatbiga\/wp-json\/wp\/v2\/types\/post"}],"author":[{"embeddable":true,"href":"https:\/\/mikroturk.com\/site\/sedatbiga\/wp-json\/wp\/v2\/users\/1"}],"replies":[{"embeddable":true,"href":"https:\/\/mikroturk.com\/site\/sedatbiga\/wp-json\/wp\/v2\/comments?post=1441"}],"version-history":[{"count":103,"href":"https:\/\/mikroturk.com\/site\/sedatbiga\/wp-json\/wp\/v2\/posts\/1441\/revisions"}],"predecessor-version":[{"id":2856,"href":"https:\/\/mikroturk.com\/site\/sedatbiga\/wp-json\/wp\/v2\/posts\/1441\/revisions\/2856"}],"wp:featuredmedia":[{"embeddable":true,"href":"https:\/\/mikroturk.com\/site\/sedatbiga\/wp-json\/wp\/v2\/media\/2831"}],"wp:attachment":[{"href":"https:\/\/mikroturk.com\/site\/sedatbiga\/wp-json\/wp\/v2\/media?parent=1441"}],"wp:term":[{"taxonomy":"category","embeddable":true,"href":"https:\/\/mikroturk.com\/site\/sedatbiga\/wp-json\/wp\/v2\/categories?post=1441"},{"taxonomy":"post_tag","embeddable":true,"href":"https:\/\/mikroturk.com\/site\/sedatbiga\/wp-json\/wp\/v2\/tags?post=1441"}],"curies":[{"name":"wp","href":"https:\/\/api.w.org\/{rel}","templated":true}]}}