{"id":1433,"date":"2020-09-22T13:28:25","date_gmt":"2020-09-22T13:28:25","guid":{"rendered":"http:\/\/mikroturk.com\/limakas\/?p=1433"},"modified":"2021-10-15T20:46:28","modified_gmt":"2021-10-15T20:46:28","slug":"covid-19-sonrasi-sac-dokulmesi","status":"publish","type":"post","link":"https:\/\/mikroturk.com\/site\/sedatbiga\/covid-19-sonrasi-sac-dokulmesi\/","title":{"rendered":"Covid-19 Sonras\u0131 Sa\u00e7 D\u00f6k\u00fclmes\u0130"},"content":{"rendered":"\n<div class=\"wp-block-buttons is-content-justification-center\"><\/div>\n\n\n\n<h4><strong>Covid-19 sonras\u0131 can s\u0131k\u0131c\u0131 semptom: Sa\u00e7 d\u00f6k\u00fclmesi<\/strong><\/h4>\n\n\n\n<p><strong>Covid-19\u2019u atlatt\u0131n\u0131z ve hastal\u0131k -en az\u0131ndan bir s\u00fcre- sizden uzak duraca\u011f\u0131 i\u00e7in keyiflisiniz. Ama bir sabah sa\u00e7lar\u0131n\u0131z\u0131n tutam tutam d\u00f6k\u00fclmekte oldu\u011funu fark ettiniz. Sak\u0131n panik yapmay\u0131n zira Covid-19\u2019dan kurtulduktan aylar sonra dahi pek \u00e7ok insan\u0131n sa\u00e7lar\u0131 b\u00fcy\u00fck k\u00fcmeler halinde d\u00f6k\u00fclebiliyor. Bu endi\u015fe verici sorunun \u00e7\u00f6z\u00fcm\u00fc ise yaz\u0131m\u0131zda\u2026<\/strong><\/p>\n\n\n\n<p>Ya\u015fad\u0131\u011f\u0131m\u0131z d\u00f6nemin en ciddi sorunlar\u0131ndan biri olan Covid-19 pandemisi, d\u00fcnyadaki her bir insan\u0131 fakl\u0131 \u015fekillerde etkiliyor. Corona vir\u00fcs\u00fcne yakalananlar pek \u00e7ok sa\u011fl\u0131k sorunlar\u0131yla kar\u015f\u0131 kar\u015f\u0131ya kal\u0131yor ki bunlardan biri de hastal\u0131k s\u0131ras\u0131nda veya atlat\u0131ld\u0131ktan sonra ya\u015fanan sa\u00e7 d\u00f6k\u00fclmeleri\u2026<\/p>\n\n\n\n<p>D\u00fcnya \u00e7ap\u0131nda yap\u0131lan pek \u00e7ok ara\u015ft\u0131rmaya g\u00f6re sa\u00e7 d\u00f6k\u00fclmesi, Covid-19\u2019dan kurtulanlar\u0131n enfeksiyon sonras\u0131 ya\u015fad\u0131klar\u0131n\u0131 bildirdikleri uzun bir semptom listesi aras\u0131nda bulunuyor. Nitekim, Indiana \u00dcniversitesi T\u0131p Fak\u00fcltesi ve Survivor Corps. taraf\u0131ndan Covid-19 testi pozitif \u00e7\u0131kan 5 bin 875 ki\u015fiyle yap\u0131lan kal\u0131c\u0131 semptomlar ve sa\u011fl\u0131k etkileri ara\u015ft\u0131rmas\u0131na g\u00f6re hastalar\u0131n y\u00fczde 33\u2019ten biraz fazlas\u0131 semptomlar\u0131 aras\u0131nda sa\u00e7 d\u00f6k\u00fclmesi oldu\u011funu bildiriyor. Ayn\u0131 \u015fekilde&nbsp;<em><a href=\"https:\/\/www.thelancet.com\/journals\/lancet\/article\/PIIS0140-67362032656-8\/fulltext\">The<\/a><\/em><em>&nbsp;<\/em>Lancet\u2019te yay\u0131nlanan ve Covid-19 enfeksiyonunun uzun vadeli sonu\u00e7lar\u0131n\u0131 inceleyen bir&nbsp;<a href=\"https:\/\/www.thelancet.com\/journals\/lancet\/article\/PIIS0140-67362032656-8\/fulltext\">\u00e7al\u0131\u015fmada<\/a>&nbsp;ise en yayg\u0131n kal\u0131c\u0131 semptom yorgunluk veya kas zay\u0131fl\u0131\u011f\u0131 (y\u00fczde 63) olurken hastalar\u0131n 22\u2019si de sa\u00e7 d\u00f6k\u00fclmesi ya\u015fad\u0131\u011f\u0131n\u0131 s\u00f6yl\u00fcyor.<\/p>\n\n\n\n<h4 class=\"has-text-align-center\"><strong><strong>Y\u00fcksek Ate\u015f Tetikliyor<\/strong><\/strong><\/h4>\n\n\n\n<p>Covid-19 ile sa\u00e7 d\u00f6k\u00fclmesi aras\u0131ndaki ili\u015fkin en g\u00fc\u00e7l\u00fc ba\u011f ise ate\u015f\u2026 Covid-19\u2019un yayg\u0131n bir belirtisi olan ate\u015f y\u00fckseldikten birka\u00e7 ay sonra, bir\u00e7ok insan g\u00f6zle g\u00f6r\u00fcl\u00fcr sa\u00e7 d\u00f6k\u00fclmesi ya\u015fayabiliyor. Amerikan Dermatoloji Akademisi\u2019ne g\u00f6re bu tip sa\u00e7 d\u00f6k\u00fclmesinin t\u0131bbi ad\u0131 \u201ctelogen effluvium\u201d. Bu d\u00f6k\u00fclme t\u00fcr\u00fcnde normalden daha fazla sa\u00e7, sa\u00e7 uzama ya\u015fam d\u00f6ng\u00fcs\u00fcn\u00fcn d\u00f6k\u00fclme (telojen) a\u015famas\u0131na ayn\u0131 anda giriyor. \u00d6zellikle de y\u00fcksek ate\u015f veya hastal\u0131k, daha fazla t\u00fcy\u00fcn d\u00f6k\u00fclme a\u015famas\u0131na girmesine neden olabiliyor.<\/p>\n\n\n\n<p>\u00d6te yandan hi\u00e7 ate\u015f veya Covid 19 geli\u015ftirmemi\u015f olunsa bile, ya\u015fad\u0131\u011f\u0131m\u0131z d\u00f6nemde yine de sa\u00e7 d\u00f6k\u00fclmesi g\u00f6r\u00fclebiliyor.&nbsp;Bunun arkas\u0131nda yatan duygusal stres, normalden daha fazla t\u00fcy\u00fc d\u00f6k\u00fclme a\u015famas\u0131na zorlayabiliyor.&nbsp;Nitekim pandemi s\u0131ras\u0131nda kim daha stresli ve endi\u015feli hissetmiyor ki? Her ne kadar sa\u00e7lar\u0131n k\u00fcmeler halinde d\u00f6k\u00fcld\u00fc\u011f\u00fcn\u00fc g\u00f6rmek stresi artt\u0131r\u0131yor olsa da stresi azaltmaya \u00e7al\u0131\u015fmak \u00e7ok \u00f6nemli\u2026 Zira uzmanlar stres sona erdi\u011finde a\u015f\u0131r\u0131 sa\u00e7 d\u00f6k\u00fclmesinin de duraca\u011f\u0131n\u0131 s\u00f6yl\u00fcyor.<\/p>\n\n\n\n<h4 class=\"has-text-align-center\"><strong>Uzmana G\u00f6r\u00fcnmek \u015eart<\/strong><\/h4>\n\n\n\n<p>Peki, sa\u00e7lar\u0131n d\u00f6k\u00fclmeye ba\u015flad\u0131\u011f\u0131n\u0131n anla\u015f\u0131lmas\u0131yla beraber ne yap\u0131lmas\u0131 gerekiyor? Yurt d\u0131\u015f\u0131nda yapt\u0131\u011f\u0131 defileler, mikro ve medikal kaynak y\u00f6ntemleri ile tan\u0131nan sa\u00e7 kayna\u011f\u0131 uzman\u0131 Sedat Biga, \u00f6ncelikle daha \u00e7ok kad\u0131nlarda g\u00f6r\u00fclen Covid-19 sonras\u0131 sa\u00e7 d\u00f6k\u00fclmeleri i\u00e7in mutlaka bir uzmana dan\u0131\u015f\u0131lmas\u0131n\u0131 \u00f6neriyor. Biga, ayn\u0131 zamanda ge\u00e7irilen farkl\u0131 hastal\u0131klar sonras\u0131 tramvaya ba\u011fl\u0131 olarak sa\u00e7 d\u00f6k\u00fclmelerine kar\u015f\u0131 erken tedbir alman\u0131n da son derece \u00f6nemli oldu\u011funu s\u00f6yl\u00fcyor. Bununla beraber bu ki\u015filerin mutlaka sa\u00e7lar\u0131n\u0131 d\u00fczenli olarak kestirmeleri gerekiyor ki bunu yapmaya ba\u015flad\u0131klar\u0131nda kaybettikleri sa\u00e7lar\u0131 geri kazanmalar\u0131 m\u00fcmk\u00fcn olabiliyor.<\/p>\n\n\n\n<p>Son olarak Biga, sa\u00e7lar\u0131 d\u00f6k\u00fclen ki\u015filerin organik ve do\u011fal \u00fcr\u00fcnleri kullanmas\u0131n\u0131 tavsiye ediyor. 30 y\u0131ll\u0131k meslek tecr\u00fcbesi sonucunda ortaya \u00e7\u0131kartt\u0131\u011f\u0131 kendi markas\u0131&nbsp;<a href=\"https:\/\/www.conceptbeauty.com.tr\/\"><em>Concept Beauty<\/em><\/a>&nbsp;ile sa\u00e7 bak\u0131m \u00fcr\u00fcnleri sunan Sedat Biga, tamamen do\u011fal \u00fcr\u00fcnlerinden olu\u015fan \u00f6zel seri ile sa\u00e7lar\u0131n sa\u011fl\u0131k ve g\u00fczellik kazand\u0131\u011f\u0131n\u0131 ifade ediyor. Bunlar\u0131n yan\u0131nda&nbsp;<a href=\"https:\/\/www.sedatbiga.com\/\"><em>Sedat Biga Hair Studio<\/em><\/a>\u2019nun Ni\u015fanta\u015f\u0131\u2019ndaki \u015fubesinde ise&nbsp;<a href=\"https:\/\/www.sedatbiga.com\/mikro-sac-kaynak\/\"><em>mikro<\/em><\/a>&nbsp;ve&nbsp;<a href=\"https:\/\/www.sedatbiga.com\/medikal-kaynak\/\"><em>medikal&nbsp;sa\u00e7 kayna\u011f\u0131<\/em><\/a>&nbsp;y\u00f6ntemleri ile sa\u00e7lar\u0131 uzatma ve g\u00fc\u00e7lendirme yap\u0131labiliyor. Bu alanda Sedat Biga\u2019n\u0131n kendi buldu\u011fu \u00f6zel y\u00f6ntem ve teknikler ile normal yap\u0131lan kaynak i\u015flemlerinden \u00e7ok daha sa\u011fl\u0131kl\u0131 ve g\u00fc\u00e7l\u00fc sa\u00e7lar\u0131n olu\u015fmas\u0131 sa\u011flan\u0131yor.<\/p>\n","protected":false},"excerpt":{"rendered":"<p>Covid-19 sonras\u0131 can s\u0131k\u0131c\u0131 semptom: Sa\u00e7 d\u00f6k\u00fclmesi Covid-19\u2019u atlatt\u0131n\u0131z ve hastal\u0131k -en az\u0131ndan bir s\u00fcre- sizden uzak duraca\u011f\u0131 i\u00e7in keyiflisiniz. Ama bir sabah sa\u00e7lar\u0131n\u0131z\u0131n tutam tutam d\u00f6k\u00fclmekte oldu\u011funu fark ettiniz. Sak\u0131n panik yapmay\u0131n zira Covid-19\u2019dan kurtulduktan aylar sonra dahi pek \u00e7ok insan\u0131n sa\u00e7lar\u0131 b\u00fcy\u00fck k\u00fcmeler halinde d\u00f6k\u00fclebiliyor. Bu endi\u015fe verici sorunun \u00e7\u00f6z\u00fcm\u00fc ise yaz\u0131m\u0131zda\u2026 Ya\u015fad\u0131\u011f\u0131m\u0131z d\u00f6nemin en ciddi sorunlar\u0131ndan biri olan Covid-19 pandemisi, d\u00fcnyadaki her bir insan\u0131 fakl\u0131 \u015fekillerde etkiliyor. Corona vir\u00fcs\u00fcne yakalananlar pek \u00e7ok sa\u011fl\u0131k sorunlar\u0131yla kar\u015f\u0131 kar\u015f\u0131ya kal\u0131yor ki bunlardan biri de hastal\u0131k s\u0131ras\u0131nda veya atlat\u0131ld\u0131ktan sonra ya\u015fanan sa\u00e7 d\u00f6k\u00fclmeleri\u2026 D\u00fcnya \u00e7ap\u0131nda yap\u0131lan pek \u00e7ok ara\u015ft\u0131rmaya g\u00f6re sa\u00e7 d\u00f6k\u00fclmesi, Covid-19\u2019dan kurtulanlar\u0131n enfeksiyon sonras\u0131 ya\u015fad\u0131klar\u0131n\u0131 bildirdikleri uzun bir semptom listesi aras\u0131nda bulunuyor. Nitekim, Indiana \u00dcniversitesi T\u0131p Fak\u00fcltesi ve Survivor Corps. taraf\u0131ndan Covid-19 testi pozitif \u00e7\u0131kan 5 bin 875 ki\u015fiyle yap\u0131lan kal\u0131c\u0131 semptomlar ve sa\u011fl\u0131k [&hellip;]<\/p>\n","protected":false},"author":1,"featured_media":2902,"comment_status":"closed","ping_status":"closed","sticky":false,"template":"","format":"standard","meta":[],"categories":[45],"tags":[],"_links":{"self":[{"href":"https:\/\/mikroturk.com\/site\/sedatbiga\/wp-json\/wp\/v2\/posts\/1433"}],"collection":[{"href":"https:\/\/mikroturk.com\/site\/sedatbiga\/wp-json\/wp\/v2\/posts"}],"about":[{"href":"https:\/\/mikroturk.com\/site\/sedatbiga\/wp-json\/wp\/v2\/types\/post"}],"author":[{"embeddable":true,"href":"https:\/\/mikroturk.com\/site\/sedatbiga\/wp-json\/wp\/v2\/users\/1"}],"replies":[{"embeddable":true,"href":"https:\/\/mikroturk.com\/site\/sedatbiga\/wp-json\/wp\/v2\/comments?post=1433"}],"version-history":[{"count":44,"href":"https:\/\/mikroturk.com\/site\/sedatbiga\/wp-json\/wp\/v2\/posts\/1433\/revisions"}],"predecessor-version":[{"id":3122,"href":"https:\/\/mikroturk.com\/site\/sedatbiga\/wp-json\/wp\/v2\/posts\/1433\/revisions\/3122"}],"wp:featuredmedia":[{"embeddable":true,"href":"https:\/\/mikroturk.com\/site\/sedatbiga\/wp-json\/wp\/v2\/media\/2902"}],"wp:attachment":[{"href":"https:\/\/mikroturk.com\/site\/sedatbiga\/wp-json\/wp\/v2\/media?parent=1433"}],"wp:term":[{"taxonomy":"category","embeddable":true,"href":"https:\/\/mikroturk.com\/site\/sedatbiga\/wp-json\/wp\/v2\/categories?post=1433"},{"taxonomy":"post_tag","embeddable":true,"href":"https:\/\/mikroturk.com\/site\/sedatbiga\/wp-json\/wp\/v2\/tags?post=1433"}],"curies":[{"name":"wp","href":"https:\/\/api.w.org\/{rel}","templated":true}]}}